{"id":3470,"date":"2026-04-25T11:00:42","date_gmt":"2026-04-25T14:00:42","guid":{"rendered":"https:\/\/nomundodoturismo.com.br\/home\/?p=3470"},"modified":"2026-04-25T12:01:05","modified_gmt":"2026-04-25T15:01:05","slug":"joao-pessoa-tera-mais-de-40-dias-de-festejos-juninos-em-diversos-polos","status":"publish","type":"post","link":"https:\/\/nomundodoturismo.com.br\/home\/2026\/04\/noticias\/paraiba\/joao-pessoa-tera-mais-de-40-dias-de-festejos-juninos-em-diversos-polos\/","title":{"rendered":"Jo\u00e3o Pessoa ter\u00e1 mais de 40 dias de festejos juninos em diversos polos"},"content":{"rendered":"<div id=\"nomun-2979135401\" class=\"nomun-top nomun-entity-placement\" style=\"margin-left: auto;margin-right: auto;text-align: center;\"><a href=\"https:\/\/nomundodoturismo.com.br\/home\/\" aria-label=\"Imagem: Lan\u00e7amento do Festival\"><img loading=\"lazy\" decoding=\"async\" src=\"https:\/\/nomundodoturismo.com.br\/home\/wp-content\/uploads\/2025\/05\/banner3.png\" alt=\"\"  srcset=\"https:\/\/nomundodoturismo.com.br\/home\/wp-content\/uploads\/2025\/05\/banner3.png 780w, https:\/\/nomundodoturismo.com.br\/home\/wp-content\/uploads\/2025\/05\/banner3-300x35.png 300w, https:\/\/nomundodoturismo.com.br\/home\/wp-content\/uploads\/2025\/05\/banner3-768x89.png 768w\" sizes=\"(max-width: 780px) 100vw, 780px\" width=\"780\" height=\"90\"  style=\"display: inline-block;\" \/><\/a><\/div><p class=\"p1\" style=\"text-align: justify;\"><span class=\"s1\">Jo\u00e3o Pessoa ter\u00e1 mais de 40 dias de programa\u00e7\u00e3o dedicada aos festejos juninos, com atividades espalhadas por bairros, Orla e Centro Hist\u00f3rico. O S\u00e3o Jo\u00e3o Multicultural come\u00e7a no dia 9 de maio e segue at\u00e9 24 de junho, reunindo uma agenda que contempla diferentes express\u00f5es da cultura nordestina.<br \/>\n<\/span><\/p>\n<p class=\"p1\" style=\"text-align: justify;\"><span class=\"s1\">Entre os destaques est\u00e3o apresenta\u00e7\u00f5es musicais no Parque Solon de Lucena, com nomes como Eliane, Vicente Nery, Raphaella Santos, Falamansa, Nando Cordel, S\u00e2mya Maia e a banda Cavalo de Pau. <\/span><\/p>\n<p class=\"p1\" style=\"text-align: justify;\"><span class=\"s1\">A programa\u00e7\u00e3o tamb\u00e9m inclui festivais de quadrilhas em \u00e2mbito municipal e estadual, al\u00e9m de um Festival de Cordel. Ao todo, mais de 60 trios de forr\u00f3 p\u00e9 de serra devem se apresentar em diversos polos da cidade ao longo do per\u00edodo. A programa\u00e7\u00e3o completa est\u00e1 dispon\u00edvel em: <a href=\"https:\/\/www.joaopessoa.pb.gov.br\/destaque\/saojoao2026\/\"><span class=\"s2\">https:\/\/www.joaopessoa.pb.gov.br\/destaque\/saojoao2026\/<\/span><\/a>.<\/span><\/p>\n<div id=\"nomun-84240917\" class=\"nomun-rodape nomun-entity-placement\" style=\"margin-left: auto;margin-right: auto;text-align: center;\"><a href=\"https:\/\/nomundodoturismo.com.br\/home\/\" aria-label=\"Imagem: Lan\u00e7amento do Festival\"><img loading=\"lazy\" decoding=\"async\" src=\"https:\/\/nomundodoturismo.com.br\/home\/wp-content\/uploads\/2025\/05\/banner3.png\" alt=\"\"  srcset=\"https:\/\/nomundodoturismo.com.br\/home\/wp-content\/uploads\/2025\/05\/banner3.png 780w, https:\/\/nomundodoturismo.com.br\/home\/wp-content\/uploads\/2025\/05\/banner3-300x35.png 300w, https:\/\/nomundodoturismo.com.br\/home\/wp-content\/uploads\/2025\/05\/banner3-768x89.png 768w\" sizes=\"(max-width: 780px) 100vw, 780px\" width=\"780\" height=\"90\"  style=\"display: inline-block;\" \/><\/a><\/div>","protected":false},"excerpt":{"rendered":"<p>Jo\u00e3o Pessoa ter\u00e1 mais de 40 dias de programa\u00e7\u00e3o dedicada aos festejos juninos, com atividades espalhadas por bairros, Orla e Centro Hist\u00f3rico. O S\u00e3o Jo\u00e3o Multicultural come\u00e7a no dia 9 de maio e segue at\u00e9 24 de junho, reunindo uma agenda que contempla diferentes express\u00f5es da cultura nordestina. Entre os destaques est\u00e3o apresenta\u00e7\u00f5es musicais no<\/p>\n","protected":false},"author":2,"featured_media":3471,"comment_status":"closed","ping_status":"closed","sticky":false,"template":"","format":"standard","meta":{"_acf_changed":false,"_crdt_document":"","_FSMCFIC_featured_image_caption":"","_FSMCFIC_featured_image_nocaption":"","_FSMCFIC_featured_image_hide":"","_jetpack_memberships_contains_paid_content":false,"footnotes":"","jetpack_publicize_message":"","jetpack_publicize_feature_enabled":true,"jetpack_social_post_already_shared":true,"jetpack_social_options":{"image_generator_settings":{"template":"highway","default_image_id":0,"font":"","enabled":false},"version":2}},"categories":[14],"tags":[100,98,27,1144],"class_list":["post-3470","post","type-post","status-publish","format-standard","has-post-thumbnail","hentry","category-paraiba","tag-festejos-juninos","tag-joao-pessoa","tag-paraiba","tag-sao-joao-multicultural"],"acf":[],"yoast_head":"<!-- This site is optimized with the Yoast SEO plugin v27.4 - https:\/\/yoast.com\/product\/yoast-seo-wordpress\/ -->\n<title>Jo\u00e3o Pessoa ter\u00e1 mais de 40 dias de festejos juninos em diversos polos - No mundo do Turismo<\/title>\n<meta name=\"robots\" content=\"index, follow, max-snippet:-1, max-image-preview:large, max-video-preview:-1\" \/>\n<link rel=\"canonical\" href=\"https:\/\/nomundodoturismo.com.br\/home\/2026\/04\/noticias\/paraiba\/joao-pessoa-tera-mais-de-40-dias-de-festejos-juninos-em-diversos-polos\/\" \/>\n<meta property=\"og:locale\" content=\"pt_BR\" \/>\n<meta property=\"og:type\" content=\"article\" \/>\n<meta property=\"og:title\" content=\"Jo\u00e3o Pessoa ter\u00e1 mais de 40 dias de festejos juninos em diversos polos - No mundo do Turismo\" \/>\n<meta property=\"og:description\" content=\"Jo\u00e3o Pessoa ter\u00e1 mais de 40 dias de programa\u00e7\u00e3o dedicada aos festejos juninos, com atividades espalhadas por bairros, Orla e Centro Hist\u00f3rico. O S\u00e3o Jo\u00e3o Multicultural come\u00e7a no dia 9 de maio e segue at\u00e9 24 de junho, reunindo uma agenda que contempla diferentes express\u00f5es da cultura nordestina. Entre os destaques est\u00e3o apresenta\u00e7\u00f5es musicais no\" \/>\n<meta property=\"og:url\" content=\"https:\/\/nomundodoturismo.com.br\/home\/2026\/04\/noticias\/paraiba\/joao-pessoa-tera-mais-de-40-dias-de-festejos-juninos-em-diversos-polos\/\" \/>\n<meta property=\"og:site_name\" content=\"No mundo do Turismo\" \/>\n<meta property=\"article:publisher\" content=\"https:\/\/facebook.com\/nomundodoturismo\" \/>\n<meta property=\"article:published_time\" content=\"2026-04-25T14:00:42+00:00\" \/>\n<meta property=\"article:modified_time\" content=\"2026-04-25T15:01:05+00:00\" \/>\n<meta property=\"og:image\" content=\"https:\/\/nomundodoturismo.com.br\/home\/wp-content\/uploads\/2026\/04\/Levar-o-festival-para-esses-territorios-e-uma-forma-de-descentralizar-o-acesso-ao-cinema-fortalecer-a-producao-local-e-promover-encontros-potentes-entre-obras-realizadores-e-publico-1.jpeg\" \/>\n\t<meta property=\"og:image:width\" content=\"700\" \/>\n\t<meta property=\"og:image:height\" content=\"500\" \/>\n\t<meta property=\"og:image:type\" content=\"image\/jpeg\" \/>\n<meta name=\"author\" content=\"Reda\u00e7\u00e3o\" \/>\n<meta name=\"twitter:card\" content=\"summary_large_image\" \/>\n<meta name=\"twitter:creator\" content=\"@nomundodoturismo\" \/>\n<meta name=\"twitter:site\" content=\"@nomundodoturismo\" \/>\n<meta name=\"twitter:label1\" content=\"Escrito por\" \/>\n\t<meta name=\"twitter:data1\" content=\"Reda\u00e7\u00e3o\" \/>\n\t<meta name=\"twitter:label2\" content=\"Est. tempo de leitura\" \/>\n\t<meta name=\"twitter:data2\" content=\"1 minuto\" \/>\n<script type=\"application\/ld+json\" class=\"yoast-schema-graph\">{\"@context\":\"https:\\\/\\\/schema.org\",\"@graph\":[{\"@type\":\"Article\",\"@id\":\"https:\\\/\\\/nomundodoturismo.com.br\\\/home\\\/2026\\\/04\\\/noticias\\\/paraiba\\\/joao-pessoa-tera-mais-de-40-dias-de-festejos-juninos-em-diversos-polos\\\/#article\",\"isPartOf\":{\"@id\":\"https:\\\/\\\/nomundodoturismo.com.br\\\/home\\\/2026\\\/04\\\/noticias\\\/paraiba\\\/joao-pessoa-tera-mais-de-40-dias-de-festejos-juninos-em-diversos-polos\\\/\"},\"author\":{\"name\":\"Reda\u00e7\u00e3o\",\"@id\":\"https:\\\/\\\/nomundodoturismo.com.br\\\/home\\\/#\\\/schema\\\/person\\\/f180b33e1c6bae2df25da77ab99f2771\"},\"headline\":\"Jo\u00e3o Pessoa ter\u00e1 mais de 40 dias de festejos juninos em diversos polos\",\"datePublished\":\"2026-04-25T14:00:42+00:00\",\"dateModified\":\"2026-04-25T15:01:05+00:00\",\"mainEntityOfPage\":{\"@id\":\"https:\\\/\\\/nomundodoturismo.com.br\\\/home\\\/2026\\\/04\\\/noticias\\\/paraiba\\\/joao-pessoa-tera-mais-de-40-dias-de-festejos-juninos-em-diversos-polos\\\/\"},\"wordCount\":158,\"publisher\":{\"@id\":\"https:\\\/\\\/nomundodoturismo.com.br\\\/home\\\/#organization\"},\"image\":{\"@id\":\"https:\\\/\\\/nomundodoturismo.com.br\\\/home\\\/2026\\\/04\\\/noticias\\\/paraiba\\\/joao-pessoa-tera-mais-de-40-dias-de-festejos-juninos-em-diversos-polos\\\/#primaryimage\"},\"thumbnailUrl\":\"https:\\\/\\\/nomundodoturismo.com.br\\\/home\\\/wp-content\\\/uploads\\\/2026\\\/04\\\/Levar-o-festival-para-esses-territorios-e-uma-forma-de-descentralizar-o-acesso-ao-cinema-fortalecer-a-producao-local-e-promover-encontros-potentes-entre-obras-realizadores-e-publico-1.jpeg\",\"keywords\":[\"festejos juninos\",\"Jo\u00e3o Pessoa\",\"para\u00edba\",\"S\u00e3o Jo\u00e3o Multicultural\"],\"articleSection\":[\"Para\u00edba\"],\"inLanguage\":\"pt-BR\"},{\"@type\":\"WebPage\",\"@id\":\"https:\\\/\\\/nomundodoturismo.com.br\\\/home\\\/2026\\\/04\\\/noticias\\\/paraiba\\\/joao-pessoa-tera-mais-de-40-dias-de-festejos-juninos-em-diversos-polos\\\/\",\"url\":\"https:\\\/\\\/nomundodoturismo.com.br\\\/home\\\/2026\\\/04\\\/noticias\\\/paraiba\\\/joao-pessoa-tera-mais-de-40-dias-de-festejos-juninos-em-diversos-polos\\\/\",\"name\":\"Jo\u00e3o Pessoa ter\u00e1 mais de 40 dias de festejos juninos em diversos polos - No mundo do Turismo\",\"isPartOf\":{\"@id\":\"https:\\\/\\\/nomundodoturismo.com.br\\\/home\\\/#website\"},\"primaryImageOfPage\":{\"@id\":\"https:\\\/\\\/nomundodoturismo.com.br\\\/home\\\/2026\\\/04\\\/noticias\\\/paraiba\\\/joao-pessoa-tera-mais-de-40-dias-de-festejos-juninos-em-diversos-polos\\\/#primaryimage\"},\"image\":{\"@id\":\"https:\\\/\\\/nomundodoturismo.com.br\\\/home\\\/2026\\\/04\\\/noticias\\\/paraiba\\\/joao-pessoa-tera-mais-de-40-dias-de-festejos-juninos-em-diversos-polos\\\/#primaryimage\"},\"thumbnailUrl\":\"https:\\\/\\\/nomundodoturismo.com.br\\\/home\\\/wp-content\\\/uploads\\\/2026\\\/04\\\/Levar-o-festival-para-esses-territorios-e-uma-forma-de-descentralizar-o-acesso-ao-cinema-fortalecer-a-producao-local-e-promover-encontros-potentes-entre-obras-realizadores-e-publico-1.jpeg\",\"datePublished\":\"2026-04-25T14:00:42+00:00\",\"dateModified\":\"2026-04-25T15:01:05+00:00\",\"breadcrumb\":{\"@id\":\"https:\\\/\\\/nomundodoturismo.com.br\\\/home\\\/2026\\\/04\\\/noticias\\\/paraiba\\\/joao-pessoa-tera-mais-de-40-dias-de-festejos-juninos-em-diversos-polos\\\/#breadcrumb\"},\"inLanguage\":\"pt-BR\",\"potentialAction\":[{\"@type\":\"ReadAction\",\"target\":[\"https:\\\/\\\/nomundodoturismo.com.br\\\/home\\\/2026\\\/04\\\/noticias\\\/paraiba\\\/joao-pessoa-tera-mais-de-40-dias-de-festejos-juninos-em-diversos-polos\\\/\"]}]},{\"@type\":\"ImageObject\",\"inLanguage\":\"pt-BR\",\"@id\":\"https:\\\/\\\/nomundodoturismo.com.br\\\/home\\\/2026\\\/04\\\/noticias\\\/paraiba\\\/joao-pessoa-tera-mais-de-40-dias-de-festejos-juninos-em-diversos-polos\\\/#primaryimage\",\"url\":\"https:\\\/\\\/nomundodoturismo.com.br\\\/home\\\/wp-content\\\/uploads\\\/2026\\\/04\\\/Levar-o-festival-para-esses-territorios-e-uma-forma-de-descentralizar-o-acesso-ao-cinema-fortalecer-a-producao-local-e-promover-encontros-potentes-entre-obras-realizadores-e-publico-1.jpeg\",\"contentUrl\":\"https:\\\/\\\/nomundodoturismo.com.br\\\/home\\\/wp-content\\\/uploads\\\/2026\\\/04\\\/Levar-o-festival-para-esses-territorios-e-uma-forma-de-descentralizar-o-acesso-ao-cinema-fortalecer-a-producao-local-e-promover-encontros-potentes-entre-obras-realizadores-e-publico-1.jpeg\",\"width\":700,\"height\":500},{\"@type\":\"BreadcrumbList\",\"@id\":\"https:\\\/\\\/nomundodoturismo.com.br\\\/home\\\/2026\\\/04\\\/noticias\\\/paraiba\\\/joao-pessoa-tera-mais-de-40-dias-de-festejos-juninos-em-diversos-polos\\\/#breadcrumb\",\"itemListElement\":[{\"@type\":\"ListItem\",\"position\":1,\"name\":\"In\u00edcio\",\"item\":\"https:\\\/\\\/nomundodoturismo.com.br\\\/home\\\/\"},{\"@type\":\"ListItem\",\"position\":2,\"name\":\"Jo\u00e3o Pessoa ter\u00e1 mais de 40 dias de festejos juninos em diversos polos\"}]},{\"@type\":\"WebSite\",\"@id\":\"https:\\\/\\\/nomundodoturismo.com.br\\\/home\\\/#website\",\"url\":\"https:\\\/\\\/nomundodoturismo.com.br\\\/home\\\/\",\"name\":\"No Mundo do Turismo\",\"description\":\"Um espa\u00e7o para compartilhar experi\u00eancia e informa\u00e7\u00f5es tur\u00edsticas e culturais\",\"publisher\":{\"@id\":\"https:\\\/\\\/nomundodoturismo.com.br\\\/home\\\/#organization\"},\"potentialAction\":[{\"@type\":\"SearchAction\",\"target\":{\"@type\":\"EntryPoint\",\"urlTemplate\":\"https:\\\/\\\/nomundodoturismo.com.br\\\/home\\\/?s={search_term_string}\"},\"query-input\":{\"@type\":\"PropertyValueSpecification\",\"valueRequired\":true,\"valueName\":\"search_term_string\"}}],\"inLanguage\":\"pt-BR\"},{\"@type\":\"Organization\",\"@id\":\"https:\\\/\\\/nomundodoturismo.com.br\\\/home\\\/#organization\",\"name\":\"No Mundo do Turismo\",\"url\":\"https:\\\/\\\/nomundodoturismo.com.br\\\/home\\\/\",\"logo\":{\"@type\":\"ImageObject\",\"inLanguage\":\"pt-BR\",\"@id\":\"https:\\\/\\\/nomundodoturismo.com.br\\\/home\\\/#\\\/schema\\\/logo\\\/image\\\/\",\"url\":\"https:\\\/\\\/nomundodoturismo.com.br\\\/home\\\/wp-content\\\/uploads\\\/2025\\\/02\\\/centralNMTurismo2024.png\",\"contentUrl\":\"https:\\\/\\\/nomundodoturismo.com.br\\\/home\\\/wp-content\\\/uploads\\\/2025\\\/02\\\/centralNMTurismo2024.png\",\"width\":500,\"height\":150,\"caption\":\"No Mundo do Turismo\"},\"image\":{\"@id\":\"https:\\\/\\\/nomundodoturismo.com.br\\\/home\\\/#\\\/schema\\\/logo\\\/image\\\/\"},\"sameAs\":[\"https:\\\/\\\/facebook.com\\\/nomundodoturismo\",\"https:\\\/\\\/x.com\\\/nomundodoturismo\"]},{\"@type\":\"Person\",\"@id\":\"https:\\\/\\\/nomundodoturismo.com.br\\\/home\\\/#\\\/schema\\\/person\\\/f180b33e1c6bae2df25da77ab99f2771\",\"name\":\"Reda\u00e7\u00e3o\",\"image\":{\"@type\":\"ImageObject\",\"inLanguage\":\"pt-BR\",\"@id\":\"https:\\\/\\\/secure.gravatar.com\\\/avatar\\\/ef069b80063191f8ae28cfe2fcb6c1116ca60330e30344970f6c4cb36f17fd3c?s=96&d=mm&r=g\",\"url\":\"https:\\\/\\\/secure.gravatar.com\\\/avatar\\\/ef069b80063191f8ae28cfe2fcb6c1116ca60330e30344970f6c4cb36f17fd3c?s=96&d=mm&r=g\",\"contentUrl\":\"https:\\\/\\\/secure.gravatar.com\\\/avatar\\\/ef069b80063191f8ae28cfe2fcb6c1116ca60330e30344970f6c4cb36f17fd3c?s=96&d=mm&r=g\",\"caption\":\"Reda\u00e7\u00e3o\"},\"url\":\"https:\\\/\\\/nomundodoturismo.com.br\\\/home\\\/author\\\/cibelly\\\/\"}]}<\/script>\n<!-- \/ Yoast SEO plugin. -->","yoast_head_json":{"title":"Jo\u00e3o Pessoa ter\u00e1 mais de 40 dias de festejos juninos em diversos polos - No mundo do Turismo","robots":{"index":"index","follow":"follow","max-snippet":"max-snippet:-1","max-image-preview":"max-image-preview:large","max-video-preview":"max-video-preview:-1"},"canonical":"https:\/\/nomundodoturismo.com.br\/home\/2026\/04\/noticias\/paraiba\/joao-pessoa-tera-mais-de-40-dias-de-festejos-juninos-em-diversos-polos\/","og_locale":"pt_BR","og_type":"article","og_title":"Jo\u00e3o Pessoa ter\u00e1 mais de 40 dias de festejos juninos em diversos polos - No mundo do Turismo","og_description":"Jo\u00e3o Pessoa ter\u00e1 mais de 40 dias de programa\u00e7\u00e3o dedicada aos festejos juninos, com atividades espalhadas por bairros, Orla e Centro Hist\u00f3rico. O S\u00e3o Jo\u00e3o Multicultural come\u00e7a no dia 9 de maio e segue at\u00e9 24 de junho, reunindo uma agenda que contempla diferentes express\u00f5es da cultura nordestina. Entre os destaques est\u00e3o apresenta\u00e7\u00f5es musicais no","og_url":"https:\/\/nomundodoturismo.com.br\/home\/2026\/04\/noticias\/paraiba\/joao-pessoa-tera-mais-de-40-dias-de-festejos-juninos-em-diversos-polos\/","og_site_name":"No mundo do Turismo","article_publisher":"https:\/\/facebook.com\/nomundodoturismo","article_published_time":"2026-04-25T14:00:42+00:00","article_modified_time":"2026-04-25T15:01:05+00:00","og_image":[{"width":700,"height":500,"url":"https:\/\/nomundodoturismo.com.br\/home\/wp-content\/uploads\/2026\/04\/Levar-o-festival-para-esses-territorios-e-uma-forma-de-descentralizar-o-acesso-ao-cinema-fortalecer-a-producao-local-e-promover-encontros-potentes-entre-obras-realizadores-e-publico-1.jpeg","type":"image\/jpeg"}],"author":"Reda\u00e7\u00e3o","twitter_card":"summary_large_image","twitter_creator":"@nomundodoturismo","twitter_site":"@nomundodoturismo","twitter_misc":{"Escrito por":"Reda\u00e7\u00e3o","Est. tempo de leitura":"1 minuto"},"schema":{"@context":"https:\/\/schema.org","@graph":[{"@type":"Article","@id":"https:\/\/nomundodoturismo.com.br\/home\/2026\/04\/noticias\/paraiba\/joao-pessoa-tera-mais-de-40-dias-de-festejos-juninos-em-diversos-polos\/#article","isPartOf":{"@id":"https:\/\/nomundodoturismo.com.br\/home\/2026\/04\/noticias\/paraiba\/joao-pessoa-tera-mais-de-40-dias-de-festejos-juninos-em-diversos-polos\/"},"author":{"name":"Reda\u00e7\u00e3o","@id":"https:\/\/nomundodoturismo.com.br\/home\/#\/schema\/person\/f180b33e1c6bae2df25da77ab99f2771"},"headline":"Jo\u00e3o Pessoa ter\u00e1 mais de 40 dias de festejos juninos em diversos polos","datePublished":"2026-04-25T14:00:42+00:00","dateModified":"2026-04-25T15:01:05+00:00","mainEntityOfPage":{"@id":"https:\/\/nomundodoturismo.com.br\/home\/2026\/04\/noticias\/paraiba\/joao-pessoa-tera-mais-de-40-dias-de-festejos-juninos-em-diversos-polos\/"},"wordCount":158,"publisher":{"@id":"https:\/\/nomundodoturismo.com.br\/home\/#organization"},"image":{"@id":"https:\/\/nomundodoturismo.com.br\/home\/2026\/04\/noticias\/paraiba\/joao-pessoa-tera-mais-de-40-dias-de-festejos-juninos-em-diversos-polos\/#primaryimage"},"thumbnailUrl":"https:\/\/nomundodoturismo.com.br\/home\/wp-content\/uploads\/2026\/04\/Levar-o-festival-para-esses-territorios-e-uma-forma-de-descentralizar-o-acesso-ao-cinema-fortalecer-a-producao-local-e-promover-encontros-potentes-entre-obras-realizadores-e-publico-1.jpeg","keywords":["festejos juninos","Jo\u00e3o Pessoa","para\u00edba","S\u00e3o Jo\u00e3o Multicultural"],"articleSection":["Para\u00edba"],"inLanguage":"pt-BR"},{"@type":"WebPage","@id":"https:\/\/nomundodoturismo.com.br\/home\/2026\/04\/noticias\/paraiba\/joao-pessoa-tera-mais-de-40-dias-de-festejos-juninos-em-diversos-polos\/","url":"https:\/\/nomundodoturismo.com.br\/home\/2026\/04\/noticias\/paraiba\/joao-pessoa-tera-mais-de-40-dias-de-festejos-juninos-em-diversos-polos\/","name":"Jo\u00e3o Pessoa ter\u00e1 mais de 40 dias de festejos juninos em diversos polos - No mundo do Turismo","isPartOf":{"@id":"https:\/\/nomundodoturismo.com.br\/home\/#website"},"primaryImageOfPage":{"@id":"https:\/\/nomundodoturismo.com.br\/home\/2026\/04\/noticias\/paraiba\/joao-pessoa-tera-mais-de-40-dias-de-festejos-juninos-em-diversos-polos\/#primaryimage"},"image":{"@id":"https:\/\/nomundodoturismo.com.br\/home\/2026\/04\/noticias\/paraiba\/joao-pessoa-tera-mais-de-40-dias-de-festejos-juninos-em-diversos-polos\/#primaryimage"},"thumbnailUrl":"https:\/\/nomundodoturismo.com.br\/home\/wp-content\/uploads\/2026\/04\/Levar-o-festival-para-esses-territorios-e-uma-forma-de-descentralizar-o-acesso-ao-cinema-fortalecer-a-producao-local-e-promover-encontros-potentes-entre-obras-realizadores-e-publico-1.jpeg","datePublished":"2026-04-25T14:00:42+00:00","dateModified":"2026-04-25T15:01:05+00:00","breadcrumb":{"@id":"https:\/\/nomundodoturismo.com.br\/home\/2026\/04\/noticias\/paraiba\/joao-pessoa-tera-mais-de-40-dias-de-festejos-juninos-em-diversos-polos\/#breadcrumb"},"inLanguage":"pt-BR","potentialAction":[{"@type":"ReadAction","target":["https:\/\/nomundodoturismo.com.br\/home\/2026\/04\/noticias\/paraiba\/joao-pessoa-tera-mais-de-40-dias-de-festejos-juninos-em-diversos-polos\/"]}]},{"@type":"ImageObject","inLanguage":"pt-BR","@id":"https:\/\/nomundodoturismo.com.br\/home\/2026\/04\/noticias\/paraiba\/joao-pessoa-tera-mais-de-40-dias-de-festejos-juninos-em-diversos-polos\/#primaryimage","url":"https:\/\/nomundodoturismo.com.br\/home\/wp-content\/uploads\/2026\/04\/Levar-o-festival-para-esses-territorios-e-uma-forma-de-descentralizar-o-acesso-ao-cinema-fortalecer-a-producao-local-e-promover-encontros-potentes-entre-obras-realizadores-e-publico-1.jpeg","contentUrl":"https:\/\/nomundodoturismo.com.br\/home\/wp-content\/uploads\/2026\/04\/Levar-o-festival-para-esses-territorios-e-uma-forma-de-descentralizar-o-acesso-ao-cinema-fortalecer-a-producao-local-e-promover-encontros-potentes-entre-obras-realizadores-e-publico-1.jpeg","width":700,"height":500},{"@type":"BreadcrumbList","@id":"https:\/\/nomundodoturismo.com.br\/home\/2026\/04\/noticias\/paraiba\/joao-pessoa-tera-mais-de-40-dias-de-festejos-juninos-em-diversos-polos\/#breadcrumb","itemListElement":[{"@type":"ListItem","position":1,"name":"In\u00edcio","item":"https:\/\/nomundodoturismo.com.br\/home\/"},{"@type":"ListItem","position":2,"name":"Jo\u00e3o Pessoa ter\u00e1 mais de 40 dias de festejos juninos em diversos polos"}]},{"@type":"WebSite","@id":"https:\/\/nomundodoturismo.com.br\/home\/#website","url":"https:\/\/nomundodoturismo.com.br\/home\/","name":"No Mundo do Turismo","description":"Um espa\u00e7o para compartilhar experi\u00eancia e informa\u00e7\u00f5es tur\u00edsticas e culturais","publisher":{"@id":"https:\/\/nomundodoturismo.com.br\/home\/#organization"},"potentialAction":[{"@type":"SearchAction","target":{"@type":"EntryPoint","urlTemplate":"https:\/\/nomundodoturismo.com.br\/home\/?s={search_term_string}"},"query-input":{"@type":"PropertyValueSpecification","valueRequired":true,"valueName":"search_term_string"}}],"inLanguage":"pt-BR"},{"@type":"Organization","@id":"https:\/\/nomundodoturismo.com.br\/home\/#organization","name":"No Mundo do Turismo","url":"https:\/\/nomundodoturismo.com.br\/home\/","logo":{"@type":"ImageObject","inLanguage":"pt-BR","@id":"https:\/\/nomundodoturismo.com.br\/home\/#\/schema\/logo\/image\/","url":"https:\/\/nomundodoturismo.com.br\/home\/wp-content\/uploads\/2025\/02\/centralNMTurismo2024.png","contentUrl":"https:\/\/nomundodoturismo.com.br\/home\/wp-content\/uploads\/2025\/02\/centralNMTurismo2024.png","width":500,"height":150,"caption":"No Mundo do Turismo"},"image":{"@id":"https:\/\/nomundodoturismo.com.br\/home\/#\/schema\/logo\/image\/"},"sameAs":["https:\/\/facebook.com\/nomundodoturismo","https:\/\/x.com\/nomundodoturismo"]},{"@type":"Person","@id":"https:\/\/nomundodoturismo.com.br\/home\/#\/schema\/person\/f180b33e1c6bae2df25da77ab99f2771","name":"Reda\u00e7\u00e3o","image":{"@type":"ImageObject","inLanguage":"pt-BR","@id":"https:\/\/secure.gravatar.com\/avatar\/ef069b80063191f8ae28cfe2fcb6c1116ca60330e30344970f6c4cb36f17fd3c?s=96&d=mm&r=g","url":"https:\/\/secure.gravatar.com\/avatar\/ef069b80063191f8ae28cfe2fcb6c1116ca60330e30344970f6c4cb36f17fd3c?s=96&d=mm&r=g","contentUrl":"https:\/\/secure.gravatar.com\/avatar\/ef069b80063191f8ae28cfe2fcb6c1116ca60330e30344970f6c4cb36f17fd3c?s=96&d=mm&r=g","caption":"Reda\u00e7\u00e3o"},"url":"https:\/\/nomundodoturismo.com.br\/home\/author\/cibelly\/"}]}},"jetpack_publicize_connections":[],"jetpack_featured_media_url":"https:\/\/nomundodoturismo.com.br\/home\/wp-content\/uploads\/2026\/04\/Levar-o-festival-para-esses-territorios-e-uma-forma-de-descentralizar-o-acesso-ao-cinema-fortalecer-a-producao-local-e-promover-encontros-potentes-entre-obras-realizadores-e-publico-1.jpeg","jetpack_sharing_enabled":true,"_links":{"self":[{"href":"https:\/\/nomundodoturismo.com.br\/home\/wp-json\/wp\/v2\/posts\/3470","targetHints":{"allow":["GET"]}}],"collection":[{"href":"https:\/\/nomundodoturismo.com.br\/home\/wp-json\/wp\/v2\/posts"}],"about":[{"href":"https:\/\/nomundodoturismo.com.br\/home\/wp-json\/wp\/v2\/types\/post"}],"author":[{"embeddable":true,"href":"https:\/\/nomundodoturismo.com.br\/home\/wp-json\/wp\/v2\/users\/2"}],"replies":[{"embeddable":true,"href":"https:\/\/nomundodoturismo.com.br\/home\/wp-json\/wp\/v2\/comments?post=3470"}],"version-history":[{"count":1,"href":"https:\/\/nomundodoturismo.com.br\/home\/wp-json\/wp\/v2\/posts\/3470\/revisions"}],"predecessor-version":[{"id":3472,"href":"https:\/\/nomundodoturismo.com.br\/home\/wp-json\/wp\/v2\/posts\/3470\/revisions\/3472"}],"wp:featuredmedia":[{"embeddable":true,"href":"https:\/\/nomundodoturismo.com.br\/home\/wp-json\/wp\/v2\/media\/3471"}],"wp:attachment":[{"href":"https:\/\/nomundodoturismo.com.br\/home\/wp-json\/wp\/v2\/media?parent=3470"}],"wp:term":[{"taxonomy":"category","embeddable":true,"href":"https:\/\/nomundodoturismo.com.br\/home\/wp-json\/wp\/v2\/categories?post=3470"},{"taxonomy":"post_tag","embeddable":true,"href":"https:\/\/nomundodoturismo.com.br\/home\/wp-json\/wp\/v2\/tags?post=3470"}],"curies":[{"name":"wp","href":"https:\/\/api.w.org\/{rel}","templated":true}]}}